{"id":41,"date":"2008-01-03T14:57:39","date_gmt":"2008-01-03T19:57:39","guid":{"rendered":"http:\/\/zeztainternazional.ezln.org.mx\/?p=41"},"modified":"2020-09-21T21:25:05","modified_gmt":"2020-09-22T02:25:05","slug":"caracol-de-la-realidad-como-viviamos-antes-y-como-vivimos-ahora-30-de-diciembre","status":"publish","type":"post","link":"https:\/\/zeztainternazional.ezln.org.mx\/?p=41","title":{"rendered":"Caracol de La Realidad: C\u00f3mo viv\u00edamos antes y c\u00f3mo vivimos ahora, 30 de Diciembre."},"content":{"rendered":"<p>Escuche y descargue las participaciones de las compa\u00f1eras zapatistas durante la jornada de trabajo del d\u00eda 30 de diciembre en el Tercer Encuentro de los Pueblos Zapatistas con los Pueblos del Mundo \u00abLa Comandanta Ramona y las zapatistas\u00bb.<br \/>\n<br \/>&nbsp;<\/p>\n<p><center><strong>Caracol de La Realidad<\/strong><\/center><br \/>\n<\/p>\n<p>Participaci\u00f3n de la compa\u00f1era Base de Apoyo Eva.<\/p>\n<p><!--[if lt IE 9]><script>document.createElement('audio');<\/script><![endif]-->\n<audio class=\"wp-audio-shortcode\" id=\"audio-41-1\" preload=\"none\" style=\"width: 100%;\" controls=\"controls\"><source type=\"audio\/mpeg\" src=\"https:\/\/zeztainternazional.ezln.org.mx\/audio\/3encuentro\/30122007\/la_realidad\/Como_viviamos_antes_y_como_vivimos_ahora\/1_Eva_base%20de%20apoyo_30%20dic%2007_%20La%20Realidad.mp3?_=1\" \/><a href=\"https:\/\/zeztainternazional.ezln.org.mx\/audio\/3encuentro\/30122007\/la_realidad\/Como_viviamos_antes_y_como_vivimos_ahora\/1_Eva_base%20de%20apoyo_30%20dic%2007_%20La%20Realidad.mp3\">https:\/\/zeztainternazional.ezln.org.mx\/audio\/3encuentro\/30122007\/la_realidad\/Como_viviamos_antes_y_como_vivimos_ahora\/1_Eva_base%20de%20apoyo_30%20dic%2007_%20La%20Realidad.mp3<\/a><\/audio><br \/>\n<\/br><\/p>\n<p>Participaci\u00f3n de la compa\u00f1era Gloria.<\/p>\n<p><audio class=\"wp-audio-shortcode\" id=\"audio-41-2\" preload=\"none\" style=\"width: 100%;\" controls=\"controls\"><source type=\"audio\/mpeg\" src=\"https:\/\/zeztainternazional.ezln.org.mx\/audio\/3encuentro\/30122007\/la_realidad\/Como_viviamos_antes_y_como_vivimos_ahora\/2_Gloria_%2030dic07_%20La%20Realidad.mp3?_=2\" \/><a href=\"https:\/\/zeztainternazional.ezln.org.mx\/audio\/3encuentro\/30122007\/la_realidad\/Como_viviamos_antes_y_como_vivimos_ahora\/2_Gloria_%2030dic07_%20La%20Realidad.mp3\">https:\/\/zeztainternazional.ezln.org.mx\/audio\/3encuentro\/30122007\/la_realidad\/Como_viviamos_antes_y_como_vivimos_ahora\/2_Gloria_%2030dic07_%20La%20Realidad.mp3<\/a><\/audio><br \/>\n<\/br><\/p>\n<p>Participaci\u00f3n de la compa\u00f1era Base de Apoyo Ver\u00f3nica.<\/p>\n<p><audio class=\"wp-audio-shortcode\" id=\"audio-41-3\" preload=\"none\" style=\"width: 100%;\" controls=\"controls\"><source type=\"audio\/mpeg\" src=\"https:\/\/zeztainternazional.ezln.org.mx\/audio\/3encuentro\/30122007\/la_realidad\/Como_viviamos_antes_y_como_vivimos_ahora\/3_Veronica_base_de_apoyo_30dic07_%20La%20Realidad.mp3?_=3\" \/><a href=\"https:\/\/zeztainternazional.ezln.org.mx\/audio\/3encuentro\/30122007\/la_realidad\/Como_viviamos_antes_y_como_vivimos_ahora\/3_Veronica_base_de_apoyo_30dic07_%20La%20Realidad.mp3\">https:\/\/zeztainternazional.ezln.org.mx\/audio\/3encuentro\/30122007\/la_realidad\/Como_viviamos_antes_y_como_vivimos_ahora\/3_Veronica_base_de_apoyo_30dic07_%20La%20Realidad.mp3<\/a><\/audio><br \/>\n<\/br><\/p>\n<p>Participaci\u00f3n de la compa\u00f1era Base de Apoyo Angelina<\/p>\n<p><audio class=\"wp-audio-shortcode\" id=\"audio-41-4\" preload=\"none\" style=\"width: 100%;\" controls=\"controls\"><source type=\"audio\/mpeg\" src=\"https:\/\/zeztainternazional.ezln.org.mx\/audio\/3encuentro\/30122007\/la_realidad\/Como_viviamos_antes_y_como_vivimos_ahora\/4_Angelina_Base_de_apoyo_30dic07_%20La%20Realidad.mp3?_=4\" \/><a href=\"https:\/\/zeztainternazional.ezln.org.mx\/audio\/3encuentro\/30122007\/la_realidad\/Como_viviamos_antes_y_como_vivimos_ahora\/4_Angelina_Base_de_apoyo_30dic07_%20La%20Realidad.mp3\">https:\/\/zeztainternazional.ezln.org.mx\/audio\/3encuentro\/30122007\/la_realidad\/Como_viviamos_antes_y_como_vivimos_ahora\/4_Angelina_Base_de_apoyo_30dic07_%20La%20Realidad.mp3<\/a><\/audio><br \/>\n<\/br><\/p>\n<p>Participaci\u00f3n de la compa\u00f1era Luc\u00eda.<\/p>\n<p><audio class=\"wp-audio-shortcode\" id=\"audio-41-5\" preload=\"none\" style=\"width: 100%;\" controls=\"controls\"><source type=\"audio\/mpeg\" src=\"https:\/\/zeztainternazional.ezln.org.mx\/audio\/3encuentro\/30122007\/la_realidad\/Como_viviamos_antes_y_como_vivimos_ahora\/5_Caracol_Realidad_traduce_Lucia_30dic07_%20La%20Realidad.mp3?_=5\" \/><a href=\"https:\/\/zeztainternazional.ezln.org.mx\/audio\/3encuentro\/30122007\/la_realidad\/Como_viviamos_antes_y_como_vivimos_ahora\/5_Caracol_Realidad_traduce_Lucia_30dic07_%20La%20Realidad.mp3\">https:\/\/zeztainternazional.ezln.org.mx\/audio\/3encuentro\/30122007\/la_realidad\/Como_viviamos_antes_y_como_vivimos_ahora\/5_Caracol_Realidad_traduce_Lucia_30dic07_%20La%20Realidad.mp3<\/a><\/audio><br \/>\n<\/br><\/p>\n<p>Participaci\u00f3n de la compa\u00f1era Araceli.<\/p>\n<p><audio class=\"wp-audio-shortcode\" id=\"audio-41-6\" preload=\"none\" style=\"width: 100%;\" controls=\"controls\"><source type=\"audio\/mpeg\" src=\"https:\/\/zeztainternazional.ezln.org.mx\/audio\/3encuentro\/30122007\/la_realidad\/Como_viviamos_antes_y_como_vivimos_ahora\/6_Araceli_clandestinidad_30dic07_La_Realidad.mp3?_=6\" \/><a href=\"https:\/\/zeztainternazional.ezln.org.mx\/audio\/3encuentro\/30122007\/la_realidad\/Como_viviamos_antes_y_como_vivimos_ahora\/6_Araceli_clandestinidad_30dic07_La_Realidad.mp3\">https:\/\/zeztainternazional.ezln.org.mx\/audio\/3encuentro\/30122007\/la_realidad\/Como_viviamos_antes_y_como_vivimos_ahora\/6_Araceli_clandestinidad_30dic07_La_Realidad.mp3<\/a><\/audio><br \/>\n<\/br><\/p>\n<p>Participaci\u00f3n de la compa\u00f1era Maribel.<\/p>\n<p><audio class=\"wp-audio-shortcode\" id=\"audio-41-7\" preload=\"none\" style=\"width: 100%;\" controls=\"controls\"><source type=\"audio\/mpeg\" src=\"https:\/\/zeztainternazional.ezln.org.mx\/audio\/3encuentro\/30122007\/la_realidad\/Como_viviamos_antes_y_como_vivimos_ahora\/7_Clandestinidad_%20Maribel_%2030%20dic%2007_%20La%20Realidad.mp3?_=7\" \/><a href=\"https:\/\/zeztainternazional.ezln.org.mx\/audio\/3encuentro\/30122007\/la_realidad\/Como_viviamos_antes_y_como_vivimos_ahora\/7_Clandestinidad_%20Maribel_%2030%20dic%2007_%20La%20Realidad.mp3\">https:\/\/zeztainternazional.ezln.org.mx\/audio\/3encuentro\/30122007\/la_realidad\/Como_viviamos_antes_y_como_vivimos_ahora\/7_Clandestinidad_%20Maribel_%2030%20dic%2007_%20La%20Realidad.mp3<\/a><\/audio><br \/>\n<\/br><\/p>\n<p>Participaci\u00f3n de la Compa\u00f1era Everilda, Suplente al CCRI.<\/p>\n<audio class=\"wp-audio-shortcode\" id=\"audio-41-8\" preload=\"none\" style=\"width: 100%;\" controls=\"controls\"><source type=\"audio\/mpeg\" src=\"https:\/\/zeztainternazional.ezln.org.mx\/audio\/3encuentro\/30122007\/la_realidad\/Como_viviamos_antes_y_como_vivimos_ahora\/8_CCRI_Everilda_suplente_30dic07_La_Realidad.mp3?_=8\" \/><a href=\"https:\/\/zeztainternazional.ezln.org.mx\/audio\/3encuentro\/30122007\/la_realidad\/Como_viviamos_antes_y_como_vivimos_ahora\/8_CCRI_Everilda_suplente_30dic07_La_Realidad.mp3\">https:\/\/zeztainternazional.ezln.org.mx\/audio\/3encuentro\/30122007\/la_realidad\/Como_viviamos_antes_y_como_vivimos_ahora\/8_CCRI_Everilda_suplente_30dic07_La_Realidad.mp3<\/a><\/audio>\n<p><\/br><\/p>\n<h2>\u00c1rea de descargas<\/h2>\n<p><small>Descargue aqu\u00ed los archivos de este art\u00edculo en su formato original:<\/small><\/p>\n<p><a download href=\"https:\/\/zeztainternazional.ezln.org.mx\/audio\/3encuentro\/30122007\/la_realidad\/Como_viviamos_antes_y_como_vivimos_ahora\/1_Eva_base%20de%20apoyo_30%20dic%2007_%20La%20Realidad.mp3\">Participaci\u00f3n de la Compa\u00f1era Eva, Base de Apoyo<\/a><\/p>\n<p><a download href=\"https:\/\/zeztainternazional.ezln.org.mx\/audio\/3encuentro\/30122007\/la_realidad\/Como_viviamos_antes_y_como_vivimos_ahora\/2_Gloria_%2030dic07_%20La%20Realidad.mp3\">Participaci\u00f3n de la Compa\u00f1era Gloria, Base de Apoyo<\/a><\/p>\n<p><a download href=\"https:\/\/zeztainternazional.ezln.org.mx\/audio\/3encuentro\/30122007\/la_realidad\/Como_viviamos_antes_y_como_vivimos_ahora\/3_Veronica_base_de_apoyo_30dic07_%20La%20Realidad.mp3\">Participaci\u00f3n de la Compa\u00f1era Ver\u00f3nica, Base de Apoyo<\/a><\/p>\n<p><a download href=\"https:\/\/zeztainternazional.ezln.org.mx\/audio\/3encuentro\/30122007\/la_realidad\/Como_viviamos_antes_y_como_vivimos_ahora\/4_Angelina_Base_de_apoyo_30dic07_%20La%20Realidad.mp3\">Participaci\u00f3n de la Compa\u00f1era Angelina, Base de Apoyo<\/a><\/p>\n<p><a download href=\"https:\/\/zeztainternazional.ezln.org.mx\/audio\/3encuentro\/30122007\/la_realidad\/Como_viviamos_antes_y_como_vivimos_ahora\/5_Caracol_Realidad_traduce_Lucia_30dic07_%20La%20Realidad.mp3\">Participaci\u00f3n de la Compa\u00f1era Luc\u00eda<\/a><\/p>\n<p><a download href=\"https:\/\/zeztainternazional.ezln.org.mx\/audio\/3encuentro\/30122007\/la_realidad\/Como_viviamos_antes_y_como_vivimos_ahora\/6_Araceli_clandestinidad_30dic07_La_Realidad.mp3\">Participaci\u00f3n de la Compa\u00f1era Araceli<\/a><\/p>\n<p><a download href=\"https:\/\/zeztainternazional.ezln.org.mx\/audio\/3encuentro\/30122007\/la_realidad\/Como_viviamos_antes_y_como_vivimos_ahora\/7_Clandestinidad_%20Maribel_%2030%20dic%2007_%20La%20Realidad.mp3\">Participaci\u00f3n de la Compa\u00f1era Maribel<\/a><\/p>\n<p><a download href=\"https:\/\/zeztainternazional.ezln.org.mx\/audio\/3encuentro\/30122007\/la_realidad\/Como_viviamos_antes_y_como_vivimos_ahora\/8_CCRI_Everilda_suplente_30dic07_La_Realidad.mp3\">Participaci\u00f3n de la Compa\u00f1era Everilda, suplente al CCRI<\/a><\/p>\n<p>&nbsp;<\/p>\n","protected":false},"excerpt":{"rendered":"<p>Escuche y descargue las participaciones de las compa\u00f1eras zapatistas durante la jornada de trabajo del d\u00eda 30 de diciembre en el Tercer Encuentro de los Pueblos Zapatistas con los Pueblos del Mundo \u00abLa Comandanta Ramona y las zapatistas\u00bb. &nbsp; Caracol de La Realidad Participaci\u00f3n de la compa\u00f1era Base de Apoyo Eva. https:\/\/zeztainternazional.ezln.org.mx\/audio\/3encuentro\/30122007\/la_realidad\/Como_viviamos_antes_y_como_vivimos_ahora\/1_Eva_base%20de%20apoyo_30%20dic%2007_%20La%20Realidad.mp3 Participaci\u00f3n de la [&hellip;]<\/p>\n","protected":false},"author":1,"featured_media":0,"comment_status":"open","ping_status":"open","sticky":false,"template":"","format":"standard","meta":{"ngg_post_thumbnail":0,"_jetpack_memberships_contains_paid_content":false,"footnotes":"","jetpack_publicize_message":"","jetpack_publicize_feature_enabled":true,"jetpack_social_post_already_shared":false,"jetpack_social_options":{"image_generator_settings":{"template":"highway","default_image_id":0,"font":"","enabled":false},"version":2}},"categories":[33,23,9],"tags":[],"class_list":["post-41","post","type-post","status-publish","format-standard","hentry","category-30-de-diciembre","category-el-antes-y-el-ahora","category-tercero"],"jetpack_publicize_connections":[],"jetpack_featured_media_url":"","jetpack_sharing_enabled":true,"_links":{"self":[{"href":"https:\/\/zeztainternazional.ezln.org.mx\/index.php?rest_route=\/wp\/v2\/posts\/41","targetHints":{"allow":["GET"]}}],"collection":[{"href":"https:\/\/zeztainternazional.ezln.org.mx\/index.php?rest_route=\/wp\/v2\/posts"}],"about":[{"href":"https:\/\/zeztainternazional.ezln.org.mx\/index.php?rest_route=\/wp\/v2\/types\/post"}],"author":[{"embeddable":true,"href":"https:\/\/zeztainternazional.ezln.org.mx\/index.php?rest_route=\/wp\/v2\/users\/1"}],"replies":[{"embeddable":true,"href":"https:\/\/zeztainternazional.ezln.org.mx\/index.php?rest_route=%2Fwp%2Fv2%2Fcomments&post=41"}],"version-history":[{"count":4,"href":"https:\/\/zeztainternazional.ezln.org.mx\/index.php?rest_route=\/wp\/v2\/posts\/41\/revisions"}],"predecessor-version":[{"id":276,"href":"https:\/\/zeztainternazional.ezln.org.mx\/index.php?rest_route=\/wp\/v2\/posts\/41\/revisions\/276"}],"wp:attachment":[{"href":"https:\/\/zeztainternazional.ezln.org.mx\/index.php?rest_route=%2Fwp%2Fv2%2Fmedia&parent=41"}],"wp:term":[{"taxonomy":"category","embeddable":true,"href":"https:\/\/zeztainternazional.ezln.org.mx\/index.php?rest_route=%2Fwp%2Fv2%2Fcategories&post=41"},{"taxonomy":"post_tag","embeddable":true,"href":"https:\/\/zeztainternazional.ezln.org.mx\/index.php?rest_route=%2Fwp%2Fv2%2Ftags&post=41"}],"curies":[{"name":"wp","href":"https:\/\/api.w.org\/{rel}","templated":true}]}}