{"id":40,"date":"2008-01-03T14:34:45","date_gmt":"2008-01-03T19:34:45","guid":{"rendered":"http:\/\/zeztainternazional.ezln.org.mx\/?p=40"},"modified":"2020-09-21T21:28:38","modified_gmt":"2020-09-22T02:28:38","slug":"caracol-de-la-realidad-como-luchan-con-sus-ninos-y-sus-ninas-30-de-diciembre","status":"publish","type":"post","link":"https:\/\/zeztainternazional.ezln.org.mx\/?p=40","title":{"rendered":"Caracol de La Realidad: C\u00f3mo luchan con sus ni\u00f1os y sus ni\u00f1as, 30 de Diciembre."},"content":{"rendered":"<p>Escuche y descargue las participaciones de las compa\u00f1eras zapatistas durante la jornada de trabajo del d\u00eda 30 de diciembre en el Tercer Encuentro de los Pueblos Zapatistas con los Pueblos del Mundo \u00abLa Comandanta Ramona y las zapatistas\u00bb.<br \/>\n<br \/>&nbsp;<\/p>\n<p><center><strong>Caracol de La Realidad<\/strong><\/center><br \/>\n<\/p>\n<p>Participaci\u00f3n de la compa\u00f1era Elizabeth.<\/p>\n<p><!--[if lt IE 9]><script>document.createElement('audio');<\/script><![endif]-->\n<audio class=\"wp-audio-shortcode\" id=\"audio-40-1\" preload=\"none\" style=\"width: 100%;\" controls=\"controls\"><source type=\"audio\/mpeg\" src=\"https:\/\/zeztainternazional.ezln.org.mx\/audio\/3encuentro\/30122007\/la_realidad\/Como_luchan_con_sus_ninos_y_ninas\/1_Elizabeth_30%20dic%2007_La%20realidad.MP3?_=1\" \/><a href=\"https:\/\/zeztainternazional.ezln.org.mx\/audio\/3encuentro\/30122007\/la_realidad\/Como_luchan_con_sus_ninos_y_ninas\/1_Elizabeth_30%20dic%2007_La%20realidad.MP3\">https:\/\/zeztainternazional.ezln.org.mx\/audio\/3encuentro\/30122007\/la_realidad\/Como_luchan_con_sus_ninos_y_ninas\/1_Elizabeth_30%20dic%2007_La%20realidad.MP3<\/a><\/audio><br \/>\n<\/br><\/p>\n<p>Participaci\u00f3n de la compa\u00f1era Marisol.<\/p>\n<p><audio class=\"wp-audio-shortcode\" id=\"audio-40-2\" preload=\"none\" style=\"width: 100%;\" controls=\"controls\"><source type=\"audio\/mpeg\" src=\"https:\/\/zeztainternazional.ezln.org.mx\/audio\/3encuentro\/30122007\/la_realidad\/Como_luchan_con_sus_ninos_y_ninas\/2_Marisol_%2030%20dic%2007_%20La%20Realidad.mp3?_=2\" \/><a href=\"https:\/\/zeztainternazional.ezln.org.mx\/audio\/3encuentro\/30122007\/la_realidad\/Como_luchan_con_sus_ninos_y_ninas\/2_Marisol_%2030%20dic%2007_%20La%20Realidad.mp3\">https:\/\/zeztainternazional.ezln.org.mx\/audio\/3encuentro\/30122007\/la_realidad\/Como_luchan_con_sus_ninos_y_ninas\/2_Marisol_%2030%20dic%2007_%20La%20Realidad.mp3<\/a><\/audio><br \/>\n<\/br><\/p>\n<p>Participaci\u00f3n de la compa\u00f1era Esmeralda.<\/p>\n<p><audio class=\"wp-audio-shortcode\" id=\"audio-40-3\" preload=\"none\" style=\"width: 100%;\" controls=\"controls\"><source type=\"audio\/mpeg\" src=\"https:\/\/zeztainternazional.ezln.org.mx\/audio\/3encuentro\/30122007\/la_realidad\/Como_luchan_con_sus_ninos_y_ninas\/3_Esmeralda_%2030%20dic%2007_%20La%20Realidad.mp3?_=3\" \/><a href=\"https:\/\/zeztainternazional.ezln.org.mx\/audio\/3encuentro\/30122007\/la_realidad\/Como_luchan_con_sus_ninos_y_ninas\/3_Esmeralda_%2030%20dic%2007_%20La%20Realidad.mp3\">https:\/\/zeztainternazional.ezln.org.mx\/audio\/3encuentro\/30122007\/la_realidad\/Como_luchan_con_sus_ninos_y_ninas\/3_Esmeralda_%2030%20dic%2007_%20La%20Realidad.mp3<\/a><\/audio><br \/>\n<\/br><\/p>\n<h2>\u00c1rea de descargas<\/h2>\n<p><small>Descargue aqu\u00ed los archivos de este art\u00edculo en su formato original:<\/small><\/p>\n<p><a download href=\"https:\/\/zeztainternazional.ezln.org.mx\/audio\/3encuentro\/30122007\/la_realidad\/Como_luchan_con_sus_ninos_y_ninas\/1_Elizabeth_30%20dic%2007_La%20realidad.MP3\">Participaci\u00f3n de la Compa\u00f1era Elizabeth<\/a><\/p>\n<p><a download href=\"https:\/\/zeztainternazional.ezln.org.mx\/audio\/3encuentro\/30122007\/la_realidad\/Como_luchan_con_sus_ninos_y_ninas\/2_Marisol_%2030%20dic%2007_%20La%20Realidad.mp3\">Participaci\u00f3n de la Compa\u00f1era Marisol<\/a><\/p>\n<p><a download href=\"https:\/\/zeztainternazional.ezln.org.mx\/audio\/3encuentro\/30122007\/la_realidad\/Como_luchan_con_sus_ninos_y_ninas\/3_Esmeralda_%2030%20dic%2007_%20La%20Realidad.mp3\">Participaci\u00f3n de la Compa\u00f1era Esmeralda<\/a><\/p>\n<p>&nbsp;<\/p>\n","protected":false},"excerpt":{"rendered":"<p>Participaci\u00f3n de Compa\u00f1eras zapatistas provenientes del Caracol de La Realidad.<\/p>\n","protected":false},"author":1,"featured_media":0,"comment_status":"open","ping_status":"open","sticky":false,"template":"","format":"standard","meta":{"ngg_post_thumbnail":0,"_jetpack_memberships_contains_paid_content":false,"footnotes":"","jetpack_publicize_message":"","jetpack_publicize_feature_enabled":true,"jetpack_social_post_already_shared":false,"jetpack_social_options":{"image_generator_settings":{"template":"highway","default_image_id":0,"font":"","enabled":false},"version":2}},"categories":[33,29,9],"tags":[],"class_list":["post-40","post","type-post","status-publish","format-standard","hentry","category-30-de-diciembre","category-ninos","category-tercero"],"jetpack_publicize_connections":[],"jetpack_featured_media_url":"","jetpack_sharing_enabled":true,"_links":{"self":[{"href":"https:\/\/zeztainternazional.ezln.org.mx\/index.php?rest_route=\/wp\/v2\/posts\/40","targetHints":{"allow":["GET"]}}],"collection":[{"href":"https:\/\/zeztainternazional.ezln.org.mx\/index.php?rest_route=\/wp\/v2\/posts"}],"about":[{"href":"https:\/\/zeztainternazional.ezln.org.mx\/index.php?rest_route=\/wp\/v2\/types\/post"}],"author":[{"embeddable":true,"href":"https:\/\/zeztainternazional.ezln.org.mx\/index.php?rest_route=\/wp\/v2\/users\/1"}],"replies":[{"embeddable":true,"href":"https:\/\/zeztainternazional.ezln.org.mx\/index.php?rest_route=%2Fwp%2Fv2%2Fcomments&post=40"}],"version-history":[{"count":3,"href":"https:\/\/zeztainternazional.ezln.org.mx\/index.php?rest_route=\/wp\/v2\/posts\/40\/revisions"}],"predecessor-version":[{"id":277,"href":"https:\/\/zeztainternazional.ezln.org.mx\/index.php?rest_route=\/wp\/v2\/posts\/40\/revisions\/277"}],"wp:attachment":[{"href":"https:\/\/zeztainternazional.ezln.org.mx\/index.php?rest_route=%2Fwp%2Fv2%2Fmedia&parent=40"}],"wp:term":[{"taxonomy":"category","embeddable":true,"href":"https:\/\/zeztainternazional.ezln.org.mx\/index.php?rest_route=%2Fwp%2Fv2%2Fcategories&post=40"},{"taxonomy":"post_tag","embeddable":true,"href":"https:\/\/zeztainternazional.ezln.org.mx\/index.php?rest_route=%2Fwp%2Fv2%2Ftags&post=40"}],"curies":[{"name":"wp","href":"https:\/\/api.w.org\/{rel}","templated":true}]}}