{"id":34,"date":"2007-12-30T16:07:43","date_gmt":"2007-12-30T21:07:43","guid":{"rendered":"http:\/\/zeztainternazional.ezln.org.mx\/?p=34"},"modified":"2020-09-22T22:30:11","modified_gmt":"2020-09-23T03:30:11","slug":"participaciones-acerca-de-las-zapatistas-y-la-otra-campana-29-de-diciembre","status":"publish","type":"post","link":"https:\/\/zeztainternazional.ezln.org.mx\/?p=34","title":{"rendered":"Participaciones sobre Las Zapatistas y La Otra Campa\u00f1a. 29 de diciembre."},"content":{"rendered":"<p>Escuche y descargue las participaciones de las compa\u00f1eras zapatistas durante la jornada de trabajo del d\u00eda 29 de diciembre en el Tercer Encuentro de los Pueblos Zapatistas con los Pueblos del Mundo \u00abLa Comandanta Ramona y las zapatistas\u00bb.<br \/>\n<br \/>\n<center><strong>Caracol III, La Garrucha<\/strong><\/center><br \/>\n<\/p>\n<p>Participaci\u00f3n de la Comandanta Dalia.<\/p>\n<p><!--[if lt IE 9]><script>document.createElement('audio');<\/script><![endif]-->\n<audio class=\"wp-audio-shortcode\" id=\"audio-34-1\" preload=\"none\" style=\"width: 100%;\" controls=\"controls\"><source type=\"audio\/mpeg\" src=\"https:\/\/zeztainternazional.ezln.org.mx\/audio\/3encuentro\/Zap_y_la_Otra\/Dalia29dic07-encuentmujer-Laotra.mp3?_=1\" \/><a href=\"https:\/\/zeztainternazional.ezln.org.mx\/audio\/3encuentro\/Zap_y_la_Otra\/Dalia29dic07-encuentmujer-Laotra.mp3\">https:\/\/zeztainternazional.ezln.org.mx\/audio\/3encuentro\/Zap_y_la_Otra\/Dalia29dic07-encuentmujer-Laotra.mp3<\/a><\/audio><br \/>\n<\/br><\/p>\n<p><center><strong>Caracol IV, Morelia<\/strong><\/center><br \/>\n<\/p>\n<p>Participaci\u00f3n de la Comandanta Miriam.<\/p>\n<p><audio class=\"wp-audio-shortcode\" id=\"audio-34-2\" preload=\"none\" style=\"width: 100%;\" controls=\"controls\"><source type=\"audio\/mpeg\" src=\"https:\/\/zeztainternazional.ezln.org.mx\/audio\/3encuentro\/Zap_y_la_Otra\/morelia\/C_Miriam29dic07-EncMujer-.mp3?_=2\" \/><a href=\"https:\/\/zeztainternazional.ezln.org.mx\/audio\/3encuentro\/Zap_y_la_Otra\/morelia\/C_Miriam29dic07-EncMujer-.mp3\">https:\/\/zeztainternazional.ezln.org.mx\/audio\/3encuentro\/Zap_y_la_Otra\/morelia\/C_Miriam29dic07-EncMujer-.mp3<\/a><\/audio><br \/>\n<\/br><\/p>\n<h2>\u00c1rea de descargas<\/h2>\n<p><small>Descargue aqu\u00ed los archivos de este art\u00edculo en su formato original:<\/small><\/p>\n<p><strong>Caracol III, La Garrucha<\/strong><br \/>\n<a download href=\"https:\/\/zeztainternazional.ezln.org.mx\/audio\/3encuentro\/Zap_y_la_Otra\/Dalia29dic07-encuentmujer-Laotra.mp3\">Participaci\u00f3n de la Comandanta Dalia<\/a><\/p>\n<p><strong>Caracol IV, Morelia<\/strong><br \/>\n<a download href=\"https:\/\/zeztainternazional.ezln.org.mx\/audio\/3encuentro\/Zap_y_la_Otra\/morelia\/C_Miriam29dic07-EncMujer-.mp3\">Participaci\u00f3n de la Comandanta Miriam<\/a><\/p>\n<p>&nbsp;<\/p>\n","protected":false},"excerpt":{"rendered":"<p>Escuche y descargue las participaciones de las compa\u00f1eras zapatistas durante la jornada de trabajo del d\u00eda 29 de diciembre en el Tercer Encuentro de los Pueblos Zapatistas con los Pueblos del Mundo \u00abLa Comandanta Ramona y las zapatistas\u00bb.<\/p>\n","protected":false},"author":1,"featured_media":0,"comment_status":"open","ping_status":"open","sticky":false,"template":"","format":"standard","meta":{"ngg_post_thumbnail":0,"_jetpack_memberships_contains_paid_content":false,"footnotes":"","jetpack_publicize_message":"","jetpack_publicize_feature_enabled":true,"jetpack_social_post_already_shared":false,"jetpack_social_options":{"image_generator_settings":{"template":"highway","default_image_id":0,"font":"","enabled":false},"version":2}},"categories":[32,9,30],"tags":[],"class_list":["post-34","post","type-post","status-publish","format-standard","hentry","category-29-de-diciembre","category-tercero","category-zapatistas-y-la-otra"],"jetpack_publicize_connections":[],"jetpack_featured_media_url":"","jetpack_sharing_enabled":true,"_links":{"self":[{"href":"https:\/\/zeztainternazional.ezln.org.mx\/index.php?rest_route=\/wp\/v2\/posts\/34","targetHints":{"allow":["GET"]}}],"collection":[{"href":"https:\/\/zeztainternazional.ezln.org.mx\/index.php?rest_route=\/wp\/v2\/posts"}],"about":[{"href":"https:\/\/zeztainternazional.ezln.org.mx\/index.php?rest_route=\/wp\/v2\/types\/post"}],"author":[{"embeddable":true,"href":"https:\/\/zeztainternazional.ezln.org.mx\/index.php?rest_route=\/wp\/v2\/users\/1"}],"replies":[{"embeddable":true,"href":"https:\/\/zeztainternazional.ezln.org.mx\/index.php?rest_route=%2Fwp%2Fv2%2Fcomments&post=34"}],"version-history":[{"count":3,"href":"https:\/\/zeztainternazional.ezln.org.mx\/index.php?rest_route=\/wp\/v2\/posts\/34\/revisions"}],"predecessor-version":[{"id":281,"href":"https:\/\/zeztainternazional.ezln.org.mx\/index.php?rest_route=\/wp\/v2\/posts\/34\/revisions\/281"}],"wp:attachment":[{"href":"https:\/\/zeztainternazional.ezln.org.mx\/index.php?rest_route=%2Fwp%2Fv2%2Fmedia&parent=34"}],"wp:term":[{"taxonomy":"category","embeddable":true,"href":"https:\/\/zeztainternazional.ezln.org.mx\/index.php?rest_route=%2Fwp%2Fv2%2Fcategories&post=34"},{"taxonomy":"post_tag","embeddable":true,"href":"https:\/\/zeztainternazional.ezln.org.mx\/index.php?rest_route=%2Fwp%2Fv2%2Ftags&post=34"}],"curies":[{"name":"wp","href":"https:\/\/api.w.org\/{rel}","templated":true}]}}