{"id":28,"date":"2007-12-30T13:32:17","date_gmt":"2007-12-30T18:32:17","guid":{"rendered":"http:\/\/zeztainternazional.ezln.org.mx\/?p=28"},"modified":"2020-09-22T23:39:11","modified_gmt":"2020-09-23T04:39:11","slug":"participaciones-acerca-de-como-vivian-antes-y-como-viven-ahora-29-de-diciembre","status":"publish","type":"post","link":"https:\/\/zeztainternazional.ezln.org.mx\/?p=28","title":{"rendered":"Participaciones sobre como vivian antes y como viven ahora. 29 de diciembre."},"content":{"rendered":"<p>Escuche y descargue las participaciones de las compa\u00f1eras zapatistas durante la jornada de trabajo del d\u00eda 29 de diciembre en el Tercer Encuentro de los Pueblos Zapatistas con los Pueblos del Mundo \u00abLa Comandanta Ramona y las zapatistas\u00bb.<br \/>\n<br \/>&nbsp;<\/p>\n<p><center><strong>Caracol III, La Garrucha<\/strong><\/center><br \/>\n<\/p>\n<p>Participaci\u00f3n de la compa\u00f1era Adriana.<\/p>\n<p><!--[if lt IE 9]><script>document.createElement('audio');<\/script><![endif]-->\n<audio class=\"wp-audio-shortcode\" id=\"audio-28-1\" preload=\"none\" style=\"width: 100%;\" controls=\"controls\"><source type=\"audio\/mpeg\" src=\"https:\/\/zeztainternazional.ezln.org.mx\/audio\/3encuentro\/El_antes_y_el_ahora\/Adriana-29dic07-ecuent%20mujer%20Jovenas%20solteras.mp3?_=1\" \/><a href=\"https:\/\/zeztainternazional.ezln.org.mx\/audio\/3encuentro\/El_antes_y_el_ahora\/Adriana-29dic07-ecuent%20mujer%20Jovenas%20solteras.mp3\">https:\/\/zeztainternazional.ezln.org.mx\/audio\/3encuentro\/El_antes_y_el_ahora\/Adriana-29dic07-ecuent%20mujer%20Jovenas%20solteras.mp3<\/a><\/audio><br \/>\n<\/br><\/p>\n<p>Participaci\u00f3n de la compa\u00f1era Amina.<\/p>\n<p><audio class=\"wp-audio-shortcode\" id=\"audio-28-2\" preload=\"none\" style=\"width: 100%;\" controls=\"controls\"><source type=\"audio\/mpeg\" src=\"https:\/\/zeztainternazional.ezln.org.mx\/audio\/3encuentro\/El_antes_y_el_ahora\/Amina-29dic07-ecuent%20mujer%20abuelitas.mp3?_=2\" \/><a href=\"https:\/\/zeztainternazional.ezln.org.mx\/audio\/3encuentro\/El_antes_y_el_ahora\/Amina-29dic07-ecuent%20mujer%20abuelitas.mp3\">https:\/\/zeztainternazional.ezln.org.mx\/audio\/3encuentro\/El_antes_y_el_ahora\/Amina-29dic07-ecuent%20mujer%20abuelitas.mp3<\/a><\/audio><br \/>\n<\/br><\/p>\n<p>Participaci\u00f3n de la compa\u00f1era Dalia.<\/p>\n<p><audio class=\"wp-audio-shortcode\" id=\"audio-28-3\" preload=\"none\" style=\"width: 100%;\" controls=\"controls\"><source type=\"audio\/mpeg\" src=\"https:\/\/zeztainternazional.ezln.org.mx\/audio\/3encuentro\/El_antes_y_el_ahora\/Dalia29dic07-encuentmujer-C_CRI.mp3?_=3\" \/><a href=\"https:\/\/zeztainternazional.ezln.org.mx\/audio\/3encuentro\/El_antes_y_el_ahora\/Dalia29dic07-encuentmujer-C_CRI.mp3\">https:\/\/zeztainternazional.ezln.org.mx\/audio\/3encuentro\/El_antes_y_el_ahora\/Dalia29dic07-encuentmujer-C_CRI.mp3<\/a><\/audio><br \/>\n<\/br><\/p>\n<p>Participaci\u00f3n de la compa\u00f1era Mireya.<\/p>\n<p><audio class=\"wp-audio-shortcode\" id=\"audio-28-4\" preload=\"none\" style=\"width: 100%;\" controls=\"controls\"><source type=\"audio\/mpeg\" src=\"https:\/\/zeztainternazional.ezln.org.mx\/audio\/3encuentro\/El_antes_y_el_ahora\/Mireya-29dic07-ecuent%20mujer%20Mamas.mp3?_=4\" \/><a href=\"https:\/\/zeztainternazional.ezln.org.mx\/audio\/3encuentro\/El_antes_y_el_ahora\/Mireya-29dic07-ecuent%20mujer%20Mamas.mp3\">https:\/\/zeztainternazional.ezln.org.mx\/audio\/3encuentro\/El_antes_y_el_ahora\/Mireya-29dic07-ecuent%20mujer%20Mamas.mp3<\/a><\/audio><br \/>\n<\/br><\/p>\n<p><center><strong>Caracol IV, Morelia<\/strong><\/center><br \/>\n<\/p>\n<p>Participaci\u00f3n de la compa\u00f1era Judith.<\/p>\n<p><audio class=\"wp-audio-shortcode\" id=\"audio-28-5\" preload=\"none\" style=\"width: 100%;\" controls=\"controls\"><source type=\"audio\/mpeg\" src=\"https:\/\/zeztainternazional.ezln.org.mx\/audio\/3encuentro\/El_antes_y_el_ahora\/morelia\/Judith29dic07-Enc_Mujer-resp_reg.mp3?_=5\" \/><a href=\"https:\/\/zeztainternazional.ezln.org.mx\/audio\/3encuentro\/El_antes_y_el_ahora\/morelia\/Judith29dic07-Enc_Mujer-resp_reg.mp3\">https:\/\/zeztainternazional.ezln.org.mx\/audio\/3encuentro\/El_antes_y_el_ahora\/morelia\/Judith29dic07-Enc_Mujer-resp_reg.mp3<\/a><\/audio><br \/>\n<\/br><\/p>\n<p>Participaci\u00f3n de la compa\u00f1era M\u00f3nica.<\/p>\n<p><audio class=\"wp-audio-shortcode\" id=\"audio-28-6\" preload=\"none\" style=\"width: 100%;\" controls=\"controls\"><source type=\"audio\/mpeg\" src=\"https:\/\/zeztainternazional.ezln.org.mx\/audio\/3encuentro\/El_antes_y_el_ahora\/morelia\/Monica29dic07-Enc_Mujer-res_reg_.mp3?_=6\" \/><a href=\"https:\/\/zeztainternazional.ezln.org.mx\/audio\/3encuentro\/El_antes_y_el_ahora\/morelia\/Monica29dic07-Enc_Mujer-res_reg_.mp3\">https:\/\/zeztainternazional.ezln.org.mx\/audio\/3encuentro\/El_antes_y_el_ahora\/morelia\/Monica29dic07-Enc_Mujer-res_reg_.mp3<\/a><\/audio><br \/>\n<\/br><\/p>\n<h2>\u00c1rea de descargas<\/h2>\n<p><small>Descargue aqu\u00ed los archivos de este art\u00edculo en su formato original:<\/small><\/p>\n<p><strong>Caracol III, La Garrucha<\/strong><br \/>\n<a download href=\"https:\/\/zeztainternazional.ezln.org.mx\/audio\/3encuentro\/El_antes_y_el_ahora\/Adriana-29dic07-ecuent%20mujer%20Jovenas%20solteras.mp3\">Participaci\u00f3n de la compa\u00f1era Adriana<\/a><\/p>\n<p><a download href=\"https:\/\/zeztainternazional.ezln.org.mx\/audio\/3encuentro\/El_antes_y_el_ahora\/Amina-29dic07-ecuent%20mujer%20abuelitas.mp3\">Participaci\u00f3n de la compa\u00f1era Amina<\/a><\/p>\n<p><a download href=\"https:\/\/zeztainternazional.ezln.org.mx\/audio\/3encuentro\/El_antes_y_el_ahora\/Dalia29dic07-encuentmujer-C_CRI.mp3\">Participaci\u00f3n de la compa\u00f1era Dalia<\/a><\/p>\n<p><a download href=\"https:\/\/zeztainternazional.ezln.org.mx\/audio\/3encuentro\/El_antes_y_el_ahora\/Mireya-29dic07-ecuent%20mujer%20Mamas.mp3\">Participaci\u00f3n de la compa\u00f1era Mireya<\/a><br \/>\n<\/br><\/p>\n<p><strong>Caracol IV, Morelia<\/strong><br \/>\n<a download href=\"https:\/\/zeztainternazional.ezln.org.mx\/audio\/3encuentro\/El_antes_y_el_ahora\/morelia\/Judith29dic07-Enc_Mujer-resp_reg.mp3\">Participaci\u00f3n de la compa\u00f1era Judith<\/a><\/p>\n<p><a download href=\"https:\/\/zeztainternazional.ezln.org.mx\/audio\/3encuentro\/El_antes_y_el_ahora\/morelia\/Monica29dic07-Enc_Mujer-res_reg_.mp3\">Participaci\u00f3n de la compa\u00f1era M\u00f3nica<\/a><\/p>\n<p>&nbsp;<\/p>\n","protected":false},"excerpt":{"rendered":"<p>Escuche y descargue las participaciones de las compa\u00f1eras zapatistas durante la jornada de trabajo del d\u00eda 29 de diciembre en el Tercer Encuentro de los Pueblos Zapatistas con los Pueblos del Mundo \u00abLa Comandanta Ramona y las zapatistas\u00bb. &nbsp; Caracol III, La Garrucha Participaci\u00f3n de la compa\u00f1era Adriana. https:\/\/zeztainternazional.ezln.org.mx\/audio\/3encuentro\/El_antes_y_el_ahora\/Adriana-29dic07-ecuent%20mujer%20Jovenas%20solteras.mp3 Participaci\u00f3n de la compa\u00f1era Amina. https:\/\/zeztainternazional.ezln.org.mx\/audio\/3encuentro\/El_antes_y_el_ahora\/Amina-29dic07-ecuent%20mujer%20abuelitas.mp3 [&hellip;]<\/p>\n","protected":false},"author":1,"featured_media":0,"comment_status":"open","ping_status":"open","sticky":false,"template":"","format":"standard","meta":{"ngg_post_thumbnail":0,"_jetpack_memberships_contains_paid_content":false,"footnotes":"","jetpack_publicize_message":"","jetpack_publicize_feature_enabled":true,"jetpack_social_post_already_shared":false,"jetpack_social_options":{"image_generator_settings":{"template":"highway","default_image_id":0,"font":"","enabled":false},"version":2}},"categories":[32,23,9],"tags":[],"class_list":["post-28","post","type-post","status-publish","format-standard","hentry","category-29-de-diciembre","category-el-antes-y-el-ahora","category-tercero"],"jetpack_publicize_connections":[],"jetpack_featured_media_url":"","jetpack_sharing_enabled":true,"_links":{"self":[{"href":"https:\/\/zeztainternazional.ezln.org.mx\/index.php?rest_route=\/wp\/v2\/posts\/28","targetHints":{"allow":["GET"]}}],"collection":[{"href":"https:\/\/zeztainternazional.ezln.org.mx\/index.php?rest_route=\/wp\/v2\/posts"}],"about":[{"href":"https:\/\/zeztainternazional.ezln.org.mx\/index.php?rest_route=\/wp\/v2\/types\/post"}],"author":[{"embeddable":true,"href":"https:\/\/zeztainternazional.ezln.org.mx\/index.php?rest_route=\/wp\/v2\/users\/1"}],"replies":[{"embeddable":true,"href":"https:\/\/zeztainternazional.ezln.org.mx\/index.php?rest_route=%2Fwp%2Fv2%2Fcomments&post=28"}],"version-history":[{"count":3,"href":"https:\/\/zeztainternazional.ezln.org.mx\/index.php?rest_route=\/wp\/v2\/posts\/28\/revisions"}],"predecessor-version":[{"id":287,"href":"https:\/\/zeztainternazional.ezln.org.mx\/index.php?rest_route=\/wp\/v2\/posts\/28\/revisions\/287"}],"wp:attachment":[{"href":"https:\/\/zeztainternazional.ezln.org.mx\/index.php?rest_route=%2Fwp%2Fv2%2Fmedia&parent=28"}],"wp:term":[{"taxonomy":"category","embeddable":true,"href":"https:\/\/zeztainternazional.ezln.org.mx\/index.php?rest_route=%2Fwp%2Fv2%2Fcategories&post=28"},{"taxonomy":"post_tag","embeddable":true,"href":"https:\/\/zeztainternazional.ezln.org.mx\/index.php?rest_route=%2Fwp%2Fv2%2Ftags&post=28"}],"curies":[{"name":"wp","href":"https:\/\/api.w.org\/{rel}","templated":true}]}}