{"id":25,"date":"2007-12-23T17:24:16","date_gmt":"2007-12-23T22:24:16","guid":{"rendered":"http:\/\/zeztainternazional.ezln.org.mx\/?p=25"},"modified":"2020-09-22T23:46:12","modified_gmt":"2020-09-23T04:46:12","slug":"temas-y-horarios-para-el-tecer-encuentro","status":"publish","type":"post","link":"https:\/\/zeztainternazional.ezln.org.mx\/?p=25","title":{"rendered":"Temas y horarios para el Tecer Encuentro."},"content":{"rendered":"<p>&nbsp;<br \/>\n<center>PLAN DEL ENCUENTRO.<\/center><br \/>\nPara los d\u00edas 29, 30, 31, de diciembre y el 1 de Enero del 2008 celebraci\u00f3n del 14 aniversario del EZLN,<br \/>&nbsp;<\/p>\n<p><strong>Participantes.<br \/>\nComo mandos:<\/strong><\/p>\n<p>Comandantas.Regionales.<br \/>\nLocales.<br \/>\nComisariadas.<br \/>\nAgentas aut\u00f3nomas y Comisaridas.<br \/>\nMAREZ.<br \/>\nJBG.<br \/>\nDirectivas \u00f3 administradoras, formadoras ya sea de salud \u00f3 educaci\u00f3n, entre otras.<br \/>\n<\/p>\n<p>TEMAS:<br \/>\n1.-Como viv\u00edan antes y como est\u00e1n ahora.<br \/>\n2.-Como se organizaron para llegar a ser autoridades de ( MAREZ, JBG y Comisariadas y agentas de cada pueblo)<br \/>\n3.-Comercio. Venta y compra de producto, Trabajos colectivos, cooperativas, sociedades, ( Loc, Reg, Mpal, Zona)<br \/>\n4.-Salud: (Local, Municipal y Zona)<br \/>\n5.-Educaci\u00f3n. (Local, Municipal y Zona)<br \/>\n6.-Ni\u00f1as y Ni\u00f1os Zapatistas.<br \/>\n7.-Las Zapatistas y la Otra Campa\u00f1a. (lo que vieron en la gira )<br \/>\n<br \/>&nbsp;<\/p>\n<p>Tendr\u00e1n 40 minutos para exponer un tema, en cada caracol y 15 minutos para preguntas y respuestas.<br \/>\nEste tiempo as\u00ed ser\u00e1 los 3 d\u00edas de trabajo.<\/p>\n<p>Para el d\u00eda 28 de diciembre.<br \/>\nRecibir gente, acomodar y desde en la ma\u00f1ana empezar el registro.<br \/>\n<\/p>\n<p>Horarios del trabajo.<\/p>\n<p>8:00      de la ma\u00f1ana diana.<br \/>\n9:00      a    10 de la ma\u00f1ana desayuno.<br \/>\n10         a    12 del d\u00eda plenaria.<br \/>\n12:00    a    12:30 descanso.<br \/>\n12:30    a    2:30 de la tarde plenaria.<br \/>\n2:30      a    3: 00 de la tarde descanso.<br \/>\n3:00      a     5:00 de la tarde plenaria.<br \/>\n5:00      a    7:00 comida y ba\u00f1arse.<br \/>\n7:00      a     9:00 plenaria<br \/>\n9:30      a    11:30 de la noche acto cultural.<br \/>\n11:30 de la noche descanso para estar listo al d\u00eda siguiente.<br \/>\n<\/p>\n<p>Es todo.<br \/>\n<br \/>&nbsp;<br \/>\n<br \/>&nbsp;<\/p>\n","protected":false},"excerpt":{"rendered":"<p>Plan de actividades para los d\u00edas 29, 30, 31, de diciembre y el 1 de Enero del 2008 celebraci\u00f3n del 14 aniversario del EZLN.<\/p>\n","protected":false},"author":1,"featured_media":0,"comment_status":"open","ping_status":"open","sticky":false,"template":"","format":"standard","meta":{"ngg_post_thumbnail":0,"_jetpack_memberships_contains_paid_content":false,"footnotes":"","jetpack_publicize_message":"","jetpack_publicize_feature_enabled":true,"jetpack_social_post_already_shared":false,"jetpack_social_options":{"image_generator_settings":{"template":"highway","default_image_id":0,"font":"","enabled":false},"version":2}},"categories":[7,11,9],"tags":[],"class_list":["post-25","post","type-post","status-publish","format-standard","hentry","category-convocatoria-al-3","category-informes","category-tercero"],"jetpack_publicize_connections":[],"jetpack_featured_media_url":"","jetpack_sharing_enabled":true,"_links":{"self":[{"href":"https:\/\/zeztainternazional.ezln.org.mx\/index.php?rest_route=\/wp\/v2\/posts\/25","targetHints":{"allow":["GET"]}}],"collection":[{"href":"https:\/\/zeztainternazional.ezln.org.mx\/index.php?rest_route=\/wp\/v2\/posts"}],"about":[{"href":"https:\/\/zeztainternazional.ezln.org.mx\/index.php?rest_route=\/wp\/v2\/types\/post"}],"author":[{"embeddable":true,"href":"https:\/\/zeztainternazional.ezln.org.mx\/index.php?rest_route=\/wp\/v2\/users\/1"}],"replies":[{"embeddable":true,"href":"https:\/\/zeztainternazional.ezln.org.mx\/index.php?rest_route=%2Fwp%2Fv2%2Fcomments&post=25"}],"version-history":[{"count":2,"href":"https:\/\/zeztainternazional.ezln.org.mx\/index.php?rest_route=\/wp\/v2\/posts\/25\/revisions"}],"predecessor-version":[{"id":289,"href":"https:\/\/zeztainternazional.ezln.org.mx\/index.php?rest_route=\/wp\/v2\/posts\/25\/revisions\/289"}],"wp:attachment":[{"href":"https:\/\/zeztainternazional.ezln.org.mx\/index.php?rest_route=%2Fwp%2Fv2%2Fmedia&parent=25"}],"wp:term":[{"taxonomy":"category","embeddable":true,"href":"https:\/\/zeztainternazional.ezln.org.mx\/index.php?rest_route=%2Fwp%2Fv2%2Fcategories&post=25"},{"taxonomy":"post_tag","embeddable":true,"href":"https:\/\/zeztainternazional.ezln.org.mx\/index.php?rest_route=%2Fwp%2Fv2%2Ftags&post=25"}],"curies":[{"name":"wp","href":"https:\/\/api.w.org\/{rel}","templated":true}]}}