{"id":24,"date":"2007-12-23T17:21:10","date_gmt":"2007-12-23T22:21:10","guid":{"rendered":"http:\/\/zeztainternazional.ezln.org.mx\/?p=24"},"modified":"2020-09-22T23:49:31","modified_gmt":"2020-09-23T04:49:31","slug":"informacion-acerca-del-tercer-encuentro-de-los-pueblos-zapatistas-con-los-pueblos-del-mundo","status":"publish","type":"post","link":"https:\/\/zeztainternazional.ezln.org.mx\/?p=24","title":{"rendered":"Informaci\u00f3n acerca del Tercer Encuentro de los Pueblos Zapatistas con los Pueblos del Mundo"},"content":{"rendered":"<p>&nbsp;<br \/>\n<center>EJERCITO ZAPATISTA DE LIBERACI\u00d3N NACIONAL.<br \/>\nMEXICO<\/center><br \/>\n<\/p>\n<p>Compa\u00f1eras adherentes de la Sexta Declaraci\u00f3n, de la otra campa\u00f1a en M\u00e9xico y la Otra del Otro lado.<br \/>\nCompa\u00f1eras adherentes de la Zezta Internacional de la planeta tierra.<br \/>\nHermanas mujeres del mundo y hermanos.<\/p>\n<p>Queremos comunicarles el mensaje de nuestras compa\u00f1eras comandantas y de nuestras compa\u00f1eras Bases de Apoyo que:<\/p>\n<p>Ya se est\u00e1n terminando de prepararse para los trabajos, del encuentro para los d\u00edas 29, 30 y 31 de diciembre del a\u00f1o 2007, que lleva por nombre de nuestra inolvidable compa\u00f1era Comandanta Ramona.<\/p>\n<p>La llegada ser\u00e1 el d\u00eda 28 de diciembre y ese d\u00eda se har\u00e1 el registro y el registro se har\u00e1 en el Caracol de La Garrucha, Municipio Aut\u00f3nomo Rebelde Zapatista de Francisco G\u00f3mez, Zona Selva-Tzeltal.<\/p>\n<p>Que los trabajos, durante los tres d\u00edas, se har\u00e1n en plenarias, para que nadie se quede sin escuchar las palabras de lucha de las compa\u00f1eras Zapatistas del EZLN.<\/p>\n<p>Su exposici\u00f3n de cada tema de nuestras compa\u00f1eras Zapatistas, tienen 40 minutos y 15 minutos para hacer preguntas y respuestas de nuestras compa\u00f1eras presentes y nuestras hermanas presentes.<\/p>\n<p>Los temas son:<br \/>\n1.- La mujer, y la mujer de la Otra Campa\u00f1a.<br \/>\n2.- Como viv\u00edan antes y como est\u00e1n ahora las Zapatistas.<br \/>\n3.- Qu\u00e9 hicieron, como hicieron para organizarse para lograr sus derechos.<br \/>\n4.-Cuales son sus responsabilidades ahora.<br \/>\n5.-Como se sostienen en su lucha.<br \/>\n6.- Que cambios tienen ahora.<br \/>\n7.- Como luchan con sus ni\u00f1as y ni\u00f1os Zapatistas.<\/p>\n<p>Que est\u00e1n trabajando duro las compa\u00f1eras Zapatistas, para poder transmitir bien sus experiencias de lucha.<br \/>\nQue los esperara con todo sus corazones abiertas para trabajar los tres d\u00edas, y un d\u00eda de celebraci\u00f3n por el 14 aniversario del Alzamiento Zapatista.<\/p>\n<p>Que ya es tiempo y su momento de hacer algo, por este mundo tan pobre, por culpa de los ricos de cada pa\u00edses y por culpa de los ricos que explotan a otros pa\u00edses pobres.<\/p>\n<p>Que por eso aqu\u00ed los esta esperando nuestras compa\u00f1eras Zapatistas, compa\u00f1eras de la Otra Campa\u00f1a y nuestra compa\u00f1eras de la Zezta Internacional y nuestras hermanas de M\u00e9xico y del mundo.<\/p>\n<p>Y quieren que los recordemos, que no se olviden de: llevar su casa de campa\u00f1a para dormir, su l\u00e1mpara de mano, su plato y cuchara para comer.<br \/>\nQue habr\u00e1 comedor, aunque sea de frijolitos y arroz a precio econ\u00f3mica.<\/p>\n<p>Esto es lo que quieren que les comuniquemos nuestras compa\u00f1eras Zapatistas.<\/p>\n<p>Y aqu\u00ed les mandamos tambi\u00e9n el Temario y los Horarios de trabajo.<br \/>\n<br \/>&nbsp;<\/p>\n<table style=\"border: 0px;\">\n<tr>\n<td style= \"padding-left:30px; text-align:center; border: 0px;\">La Comisi\u00f3n Intergal\u00e1ctica del EZLN<br \/>\nTeniente Coronel Insurgente Mois\u00e9s. <\/td>\n<td style= \"padding-left:60px; text-align:center; border: 0px;\"> La Comisi\u00f3n Sexta del EZLN<br \/>\nSubcomandante Insurgente Marcos.<\/td>\n<\/tr>\n<\/table>\n<p>&nbsp;<\/p>\n<p>M\u00e9xico, diciembre del 2007.<br \/>\n<br \/>&nbsp;<br \/>&nbsp;<\/p>\n<p><small>Descargue aqu\u00ed los archivos de este art\u00edculo en su formato original:<\/small><br \/>\n<a download href=\"https:\/\/zeztainternazional.ezln.org.mx\/archivos\/tercer_enc\/SobreEncuentroMujeres.rtf\">Comunicado Sobre el Encuentro de Mujeres<\/a><\/p>\n","protected":false},"excerpt":{"rendered":"<p>Ya se est\u00e1n terminando de prepararse para los trabajos, del encuentro para los d\u00edas 29, 30 y 31 de diciembre del a\u00f1o 2007, que lleva por nombre de nuestra inolvidable compa\u00f1era Comandanta Ramona.<\/p>\n","protected":false},"author":1,"featured_media":0,"comment_status":"open","ping_status":"open","sticky":false,"template":"","format":"standard","meta":{"ngg_post_thumbnail":0,"_jetpack_memberships_contains_paid_content":false,"footnotes":"","jetpack_publicize_message":"","jetpack_publicize_feature_enabled":true,"jetpack_social_post_already_shared":false,"jetpack_social_options":{"image_generator_settings":{"template":"highway","default_image_id":0,"font":"","enabled":false},"version":2}},"categories":[7,11,9],"tags":[],"class_list":["post-24","post","type-post","status-publish","format-standard","hentry","category-convocatoria-al-3","category-informes","category-tercero"],"jetpack_publicize_connections":[],"jetpack_featured_media_url":"","jetpack_sharing_enabled":true,"_links":{"self":[{"href":"https:\/\/zeztainternazional.ezln.org.mx\/index.php?rest_route=\/wp\/v2\/posts\/24","targetHints":{"allow":["GET"]}}],"collection":[{"href":"https:\/\/zeztainternazional.ezln.org.mx\/index.php?rest_route=\/wp\/v2\/posts"}],"about":[{"href":"https:\/\/zeztainternazional.ezln.org.mx\/index.php?rest_route=\/wp\/v2\/types\/post"}],"author":[{"embeddable":true,"href":"https:\/\/zeztainternazional.ezln.org.mx\/index.php?rest_route=\/wp\/v2\/users\/1"}],"replies":[{"embeddable":true,"href":"https:\/\/zeztainternazional.ezln.org.mx\/index.php?rest_route=%2Fwp%2Fv2%2Fcomments&post=24"}],"version-history":[{"count":2,"href":"https:\/\/zeztainternazional.ezln.org.mx\/index.php?rest_route=\/wp\/v2\/posts\/24\/revisions"}],"predecessor-version":[{"id":290,"href":"https:\/\/zeztainternazional.ezln.org.mx\/index.php?rest_route=\/wp\/v2\/posts\/24\/revisions\/290"}],"wp:attachment":[{"href":"https:\/\/zeztainternazional.ezln.org.mx\/index.php?rest_route=%2Fwp%2Fv2%2Fmedia&parent=24"}],"wp:term":[{"taxonomy":"category","embeddable":true,"href":"https:\/\/zeztainternazional.ezln.org.mx\/index.php?rest_route=%2Fwp%2Fv2%2Fcategories&post=24"},{"taxonomy":"post_tag","embeddable":true,"href":"https:\/\/zeztainternazional.ezln.org.mx\/index.php?rest_route=%2Fwp%2Fv2%2Ftags&post=24"}],"curies":[{"name":"wp","href":"https:\/\/api.w.org\/{rel}","templated":true}]}}